{"id":1778,"date":"2022-01-10T20:58:00","date_gmt":"2022-01-10T20:58:00","guid":{"rendered":"https:\/\/aimi.cr\/?p=1778"},"modified":"2025-04-07T12:50:23","modified_gmt":"2025-04-07T18:50:23","slug":"inicios-del-servicio-de-paqueteria-en-aimi","status":"publish","type":"post","link":"https:\/\/afeaimi.cr\/en\/inicios-del-servicio-de-paqueteria-en-aimi\/","title":{"rendered":"Inicios del servicio de paqueter\u00eda en AIMI"},"content":{"rendered":"<p>La innovaci\u00f3n es importante en la transformaci\u00f3n de las empresas, es por ello que hoy les queremos compartir un poco del nacimiento del servicio de entrega en la \u00faltima milla o paqueter\u00eda que ofrecemos en AIMI en Costa Rica.<\/p>\n\n\n\n<p>Para este blog nos acompa\u00f1ar\u00e1 Diego Arias, qui\u00e9n es socio y gerente financiero de la empresa, qui\u00e9n nos contar\u00e1 de primera mano acerca de este nuevo servicio y los retos que ha presentado su implementaci\u00f3n.<\/p>\n\n\n\n<p><\/p>\n\n\n\n<p><strong>\u00bfC\u00f3mo inici\u00f3 la idea de brindar el servicio de paqueter\u00eda o entrega de \u00faltima milla?<\/strong><\/p>\n\n\n\n<p>Cuando inici\u00f3 la pandemia en mayo del 2019 se detect\u00f3 la oportunidad de brindar un servicio integral a todas las empresas que estaban gestionando ventas por medio de comercio electr\u00f3nico (tiendas de Instagram y Facebook), esto hizo que nos replanteemos el modelo de negocio actual y se buscar\u00e1 diversificar los servicios de la operaci\u00f3n.<\/p>\n\n\n\n<p>\u201cGracias al crecimiento que a tenido el comercio electr\u00f3nico y al uso de la tecnolog\u00eda, hemos visto c\u00f3mo la empresa se vio impactada de forma positiva al implementar el servicio de entregas en la \u00faltima milla o como se le dice coloquialmente \u201cservicio de paqueter\u00eda\u201d en tiempo de pandemia\u201d coment\u00f3 Diego Arias, Gerente financiero de AIMI&nbsp;<\/p>\n\n\n\n<p><\/p>\n\n\n\n<p><strong>\u00bfSe actualizaron en alguna tecnolog\u00eda?<\/strong><\/p>\n\n\n\n<p>Con base en investigaci\u00f3n del departamento t\u00e9cnico y experiencias de un socio en Guatemala, vimos la necesidad de realizar un apalancamiento productivo de buenas pr\u00e1cticas y dar inicio con el servicio en Costa Rica.&nbsp;<\/p>\n\n\n\n<p>El software que utilizamos permite que todas las gu\u00edas sean digitales y nos brinde un control de los env\u00edos de todos los clientes en tiempo real. Muchos de los clientes est\u00e1n muy contentos con la automatizaci\u00f3n de este software, ya que les permite realizar las entregas, ahorrando tiempo en el proceso de env\u00edo.<\/p>\n\n\n\n<p><\/p>\n\n\n\n<p><strong>\u00bfC\u00f3mo ha sido la implementaci\u00f3n?<\/strong><\/p>\n\n\n\n<p>La implementaci\u00f3n del servicio ha sido de mucho aprendizaje, ya que no esperamos cambios tan grandes en la demanda para fechas especiales.&nbsp;<\/p>\n\n\n\n<p>Parte de estos retos, nos ha permitido evolucionar el servicio de \u00faltima milla o paqueter\u00eda a un servicio integral, enfocado en el cliente.&nbsp;<\/p>\n\n\n\n<p>Parte de esta evoluci\u00f3n se ha visto reflejado en pasar de ser un negocio \u201cB2B\u201d a brindar un servicio \u201cB2C\u201d enfocado en el cliente final, ya que este es m\u00e1s exigente en cuanto a la calidad del servicio esperado.<\/p>\n\n\n\n<p><\/p>\n\n\n\n<p><strong>\u00bfSe brinda el servicio en todo Costa Rica?<\/strong><\/p>\n\n\n\n<p>\u201cEl servicio se inici\u00f3 con la visi\u00f3n de aperturar el proyecto por etapas, iniciando en el GAM y se considera m\u00e1s adelante brindar el servicio en todo Costa Rica\u201d coment\u00f3 Diego Arias.<\/p>\n\n\n\n<p><\/p>\n\n\n\n<p><strong>\u00bfA cu\u00e1les industrias se brinda el servicio?<\/strong><\/p>\n\n\n\n<p>Actualmente tenemos diversidad de clientes, desde empresas alimenticias hasta empresas de moda, es importante destacar que muchas de estas empresas son peque\u00f1as o emprendimientos de Instagram y algunas otras tienen altos vol\u00famenes de entregas por d\u00eda. El servicio est\u00e1 dise\u00f1ado para funcionar a peque\u00f1a y gran escala, siendo una soluci\u00f3n integral enfocada en la satisfacci\u00f3n del cliente final.<\/p>\n\n\n\n<p><\/p>\n\n\n\n<p><strong>\u00bfCu\u00e1les se considera que son los principales beneficios de trabajar el servicio de entrega de \u00faltima milla con AIMI?<\/strong><\/p>\n\n\n\n<p>Somos una empresa que brinda un servicio personalizado a nuestros clientes, nos destaca la agilidad y la buena comunicaci\u00f3n que tenemos en el proceso desde la solicitud del servicio, hasta la entrega con el consignatario o receptor final.<\/p>\n\n\n\n<p><\/p>\n\n\n\n<hr class=\"wp-block-separator\"\/>\n\n\n\n<p><\/p>\n\n\n\n<p>Si usted ley\u00f3 esto y est\u00e1 interesado en contratar nuestro servicio de paqueter\u00eda, a continuaci\u00f3n les compartimos los datos de contacto.<\/p>\n\n\n\n<p>Phone: <a href=\"tel:+50622398181\">2239-8181<\/a>&nbsp;<\/p>\n\n\n\n<p>WhatsApp: <a href=\"https:\/\/api.whatsapp.com\/send\/?phone=50685578181\">8557-8181<\/a><\/p>\n\n\n\n<p>Mail: <a href=\"mailto:info@aimi.cr\">info@aimi.cr<\/a><\/p>","protected":false},"excerpt":{"rendered":"<p>La innovaci\u00f3n es importante en la transformaci\u00f3n de las empresas, es por ello que hoy les queremos compartir un poco del nacimiento del servicio de entrega en la \u00faltima milla o paqueter\u00eda que ofrecemos en AIMI en Costa Rica. Para este blog nos acompa\u00f1ar\u00e1 Diego Arias, qui\u00e9n es socio y gerente financiero de la empresa, qui\u00e9n nos contar\u00e1 de primera mano acerca de este nuevo servicio y los retos que ha presentado su implementaci\u00f3n. \u00bfC\u00f3mo inici\u00f3 la idea de brindar el servicio de paqueter\u00eda o entrega de \u00faltima milla? Cuando inici\u00f3 la pandemia en mayo del 2019 se detect\u00f3 la oportunidad de brindar un servicio integral a todas las empresas que estaban gestionando ventas por medio de comercio electr\u00f3nico (tiendas de Instagram y Facebook), esto hizo que nos replanteemos el modelo de negocio actual y se buscar\u00e1 diversificar los servicios de la operaci\u00f3n. \u201cGracias al crecimiento que a tenido el comercio electr\u00f3nico y al uso de la tecnolog\u00eda, hemos visto c\u00f3mo la empresa se vio impactada de forma positiva al implementar el servicio de entregas en la \u00faltima milla o como se le dice coloquialmente \u201cservicio de paqueter\u00eda\u201d en tiempo de pandemia\u201d coment\u00f3 Diego Arias, Gerente financiero de AIMI&nbsp; \u00bfSe actualizaron en alguna tecnolog\u00eda? Con base en investigaci\u00f3n del departamento t\u00e9cnico y experiencias de un socio en Guatemala, vimos la necesidad de realizar un apalancamiento productivo de buenas pr\u00e1cticas y dar inicio con el servicio en Costa Rica.&nbsp; El software que utilizamos permite que todas las gu\u00edas sean digitales y nos brinde un control de los env\u00edos de todos los clientes en tiempo real. Muchos de los clientes est\u00e1n muy contentos con la automatizaci\u00f3n de este software, ya que les permite realizar las entregas, ahorrando tiempo en el proceso de env\u00edo. \u00bfC\u00f3mo ha sido la implementaci\u00f3n? La implementaci\u00f3n del servicio ha sido de mucho aprendizaje, ya que no esperamos cambios tan grandes en la demanda para fechas especiales.&nbsp; Parte de estos retos, nos ha permitido evolucionar el servicio de \u00faltima milla o paqueter\u00eda a un servicio integral, enfocado en el cliente.&nbsp; Parte de esta evoluci\u00f3n se ha visto reflejado en pasar de ser un negocio \u201cB2B\u201d a brindar un servicio \u201cB2C\u201d enfocado en el cliente final, ya que este es m\u00e1s exigente en cuanto a la calidad del servicio esperado. \u00bfSe brinda el servicio en todo Costa Rica? \u201cEl servicio se inici\u00f3 con la visi\u00f3n de aperturar el proyecto por etapas, iniciando en el GAM y se considera m\u00e1s adelante brindar el servicio en todo Costa Rica\u201d coment\u00f3 Diego Arias. \u00bfA cu\u00e1les industrias se brinda el servicio? Actualmente tenemos diversidad de clientes, desde empresas alimenticias hasta empresas de moda, es importante destacar que muchas de estas empresas son peque\u00f1as o emprendimientos de Instagram y algunas otras tienen altos vol\u00famenes de entregas por d\u00eda. El servicio est\u00e1 dise\u00f1ado para funcionar a peque\u00f1a y gran escala, siendo una soluci\u00f3n integral enfocada en la satisfacci\u00f3n del cliente final. \u00bfCu\u00e1les se considera que son los principales beneficios de trabajar el servicio de entrega de \u00faltima milla con AIMI? Somos una empresa que brinda un servicio personalizado a nuestros clientes, nos destaca la agilidad y la buena comunicaci\u00f3n que tenemos en el proceso desde la solicitud del servicio, hasta la entrega con el consignatario o receptor final. Si usted ley\u00f3 esto y est\u00e1 interesado en contratar nuestro servicio de paqueter\u00eda, a continuaci\u00f3n les compartimos los datos de contacto. Tel\u00e9fono: 2239-8181&nbsp; WhatsApp: 8557-8181 Correo electr\u00f3nico: info@aimi.cr<\/p>","protected":false},"author":1,"featured_media":2698,"comment_status":"closed","ping_status":"closed","sticky":false,"template":"","format":"standard","meta":{"footnotes":""},"categories":[1],"tags":[],"class_list":["post-1778","post","type-post","status-publish","format-standard","has-post-thumbnail","hentry","category-sin-categorizar"],"yoast_head":"<!-- This site is optimized with the Yoast SEO plugin v27.4 - https:\/\/yoast.com\/product\/yoast-seo-wordpress\/ -->\n<title>Inicios del servicio de paqueter\u00eda en AIMI - AFEAIMI Global Logistics<\/title>\n<meta name=\"description\" content=\"Inicios del servicio de paqueter\u00eda en AIMI\" \/>\n<meta name=\"robots\" content=\"index, follow, max-snippet:-1, max-image-preview:large, max-video-preview:-1\" \/>\n<link rel=\"canonical\" href=\"https:\/\/afeaimi.cr\/en\/inicios-del-servicio-de-paqueteria-en-aimi\/\" \/>\n<meta property=\"og:locale\" content=\"en_US\" \/>\n<meta property=\"og:type\" content=\"article\" \/>\n<meta property=\"og:title\" content=\"Inicios del servicio de paqueter\u00eda en AIMI - AFEAIMI Global Logistics\" \/>\n<meta property=\"og:description\" content=\"Inicios del servicio de paqueter\u00eda en AIMI\" \/>\n<meta property=\"og:url\" content=\"https:\/\/afeaimi.cr\/en\/inicios-del-servicio-de-paqueteria-en-aimi\/\" \/>\n<meta property=\"og:site_name\" content=\"AFEAIMI Global Logistics\" \/>\n<meta property=\"article:published_time\" content=\"2022-01-10T20:58:00+00:00\" \/>\n<meta property=\"article:modified_time\" content=\"2025-04-07T18:50:23+00:00\" \/>\n<meta property=\"og:image\" content=\"https:\/\/afeaimi.cr\/wp-content\/uploads\/2022\/01\/manos-primer-plano-obteniendo-caja-scaled.jpg\" \/>\n\t<meta property=\"og:image:width\" content=\"2560\" \/>\n\t<meta property=\"og:image:height\" content=\"1828\" \/>\n\t<meta property=\"og:image:type\" content=\"image\/jpeg\" \/>\n<meta name=\"author\" content=\"neurobrand\" \/>\n<meta name=\"twitter:card\" content=\"summary_large_image\" \/>\n<meta name=\"twitter:label1\" content=\"Written by\" \/>\n\t<meta name=\"twitter:data1\" content=\"neurobrand\" \/>\n\t<meta name=\"twitter:label2\" content=\"Est. reading time\" \/>\n\t<meta name=\"twitter:data2\" content=\"3 minutes\" \/>\n<script type=\"application\/ld+json\" class=\"yoast-schema-graph\">{\"@context\":\"https:\\\/\\\/schema.org\",\"@graph\":[{\"@type\":\"Article\",\"@id\":\"https:\\\/\\\/afeaimi.cr\\\/inicios-del-servicio-de-paqueteria-en-aimi\\\/#article\",\"isPartOf\":{\"@id\":\"https:\\\/\\\/afeaimi.cr\\\/inicios-del-servicio-de-paqueteria-en-aimi\\\/\"},\"author\":{\"name\":\"neurobrand\",\"@id\":\"https:\\\/\\\/afeaimi.cr\\\/#\\\/schema\\\/person\\\/2a6ff9b7768b25e6cf509c045ae92f65\"},\"headline\":\"Inicios del servicio de paqueter\u00eda en AIMI\",\"datePublished\":\"2022-01-10T20:58:00+00:00\",\"dateModified\":\"2025-04-07T18:50:23+00:00\",\"mainEntityOfPage\":{\"@id\":\"https:\\\/\\\/afeaimi.cr\\\/inicios-del-servicio-de-paqueteria-en-aimi\\\/\"},\"wordCount\":632,\"publisher\":{\"@id\":\"https:\\\/\\\/afeaimi.cr\\\/#organization\"},\"image\":{\"@id\":\"https:\\\/\\\/afeaimi.cr\\\/inicios-del-servicio-de-paqueteria-en-aimi\\\/#primaryimage\"},\"thumbnailUrl\":\"https:\\\/\\\/afeaimi.cr\\\/wp-content\\\/uploads\\\/2022\\\/01\\\/manos-primer-plano-obteniendo-caja-scaled.jpg\",\"articleSection\":[\"Sin categorizar\"],\"inLanguage\":\"en-US\"},{\"@type\":\"WebPage\",\"@id\":\"https:\\\/\\\/afeaimi.cr\\\/inicios-del-servicio-de-paqueteria-en-aimi\\\/\",\"url\":\"https:\\\/\\\/afeaimi.cr\\\/inicios-del-servicio-de-paqueteria-en-aimi\\\/\",\"name\":\"Inicios del servicio de paqueter\u00eda en AIMI - AFEAIMI Global Logistics\",\"isPartOf\":{\"@id\":\"https:\\\/\\\/afeaimi.cr\\\/#website\"},\"primaryImageOfPage\":{\"@id\":\"https:\\\/\\\/afeaimi.cr\\\/inicios-del-servicio-de-paqueteria-en-aimi\\\/#primaryimage\"},\"image\":{\"@id\":\"https:\\\/\\\/afeaimi.cr\\\/inicios-del-servicio-de-paqueteria-en-aimi\\\/#primaryimage\"},\"thumbnailUrl\":\"https:\\\/\\\/afeaimi.cr\\\/wp-content\\\/uploads\\\/2022\\\/01\\\/manos-primer-plano-obteniendo-caja-scaled.jpg\",\"datePublished\":\"2022-01-10T20:58:00+00:00\",\"dateModified\":\"2025-04-07T18:50:23+00:00\",\"description\":\"Inicios del servicio de paqueter\u00eda en AIMI\",\"breadcrumb\":{\"@id\":\"https:\\\/\\\/afeaimi.cr\\\/inicios-del-servicio-de-paqueteria-en-aimi\\\/#breadcrumb\"},\"inLanguage\":\"en-US\",\"potentialAction\":[{\"@type\":\"ReadAction\",\"target\":[\"https:\\\/\\\/afeaimi.cr\\\/inicios-del-servicio-de-paqueteria-en-aimi\\\/\"]}]},{\"@type\":\"ImageObject\",\"inLanguage\":\"en-US\",\"@id\":\"https:\\\/\\\/afeaimi.cr\\\/inicios-del-servicio-de-paqueteria-en-aimi\\\/#primaryimage\",\"url\":\"https:\\\/\\\/afeaimi.cr\\\/wp-content\\\/uploads\\\/2022\\\/01\\\/manos-primer-plano-obteniendo-caja-scaled.jpg\",\"contentUrl\":\"https:\\\/\\\/afeaimi.cr\\\/wp-content\\\/uploads\\\/2022\\\/01\\\/manos-primer-plano-obteniendo-caja-scaled.jpg\",\"width\":2560,\"height\":1828},{\"@type\":\"BreadcrumbList\",\"@id\":\"https:\\\/\\\/afeaimi.cr\\\/inicios-del-servicio-de-paqueteria-en-aimi\\\/#breadcrumb\",\"itemListElement\":[{\"@type\":\"ListItem\",\"position\":1,\"name\":\"Home\",\"item\":\"https:\\\/\\\/afeaimi.cr\\\/\"},{\"@type\":\"ListItem\",\"position\":2,\"name\":\"Inicios del servicio de paqueter\u00eda en AIMI\"}]},{\"@type\":\"WebSite\",\"@id\":\"https:\\\/\\\/afeaimi.cr\\\/#website\",\"url\":\"https:\\\/\\\/afeaimi.cr\\\/\",\"name\":\"AFEAIMI Global Logistics\",\"description\":\"Importaci\u00f3n y Exportaci\u00f3n\",\"publisher\":{\"@id\":\"https:\\\/\\\/afeaimi.cr\\\/#organization\"},\"alternateName\":\"AFEAIMI Log\u00edstica\",\"potentialAction\":[{\"@type\":\"SearchAction\",\"target\":{\"@type\":\"EntryPoint\",\"urlTemplate\":\"https:\\\/\\\/afeaimi.cr\\\/?s={search_term_string}\"},\"query-input\":{\"@type\":\"PropertyValueSpecification\",\"valueRequired\":true,\"valueName\":\"search_term_string\"}}],\"inLanguage\":\"en-US\"},{\"@type\":\"Organization\",\"@id\":\"https:\\\/\\\/afeaimi.cr\\\/#organization\",\"name\":\"AFEAIMI Global Logistics\",\"url\":\"https:\\\/\\\/afeaimi.cr\\\/\",\"logo\":{\"@type\":\"ImageObject\",\"inLanguage\":\"en-US\",\"@id\":\"https:\\\/\\\/afeaimi.cr\\\/#\\\/schema\\\/logo\\\/image\\\/\",\"url\":\"https:\\\/\\\/afeaimi.cr\\\/wp-content\\\/uploads\\\/2020\\\/06\\\/AFEAIMI_Logo.png\",\"contentUrl\":\"https:\\\/\\\/afeaimi.cr\\\/wp-content\\\/uploads\\\/2020\\\/06\\\/AFEAIMI_Logo.png\",\"width\":1201,\"height\":223,\"caption\":\"AFEAIMI Global Logistics\"},\"image\":{\"@id\":\"https:\\\/\\\/afeaimi.cr\\\/#\\\/schema\\\/logo\\\/image\\\/\"}},{\"@type\":\"Person\",\"@id\":\"https:\\\/\\\/afeaimi.cr\\\/#\\\/schema\\\/person\\\/2a6ff9b7768b25e6cf509c045ae92f65\",\"name\":\"neurobrand\",\"image\":{\"@type\":\"ImageObject\",\"inLanguage\":\"en-US\",\"@id\":\"https:\\\/\\\/secure.gravatar.com\\\/avatar\\\/dbc111da1223d5156d2dbd6072de3a99bd277b35c10fe7227a587f35998c6e43?s=96&d=mm&r=g\",\"url\":\"https:\\\/\\\/secure.gravatar.com\\\/avatar\\\/dbc111da1223d5156d2dbd6072de3a99bd277b35c10fe7227a587f35998c6e43?s=96&d=mm&r=g\",\"contentUrl\":\"https:\\\/\\\/secure.gravatar.com\\\/avatar\\\/dbc111da1223d5156d2dbd6072de3a99bd277b35c10fe7227a587f35998c6e43?s=96&d=mm&r=g\",\"caption\":\"neurobrand\"},\"sameAs\":[\"https:\\\/\\\/neurobrand.net\\\/aimi\"],\"url\":\"https:\\\/\\\/afeaimi.cr\\\/en\\\/author\\\/neurobrand\\\/\"}]}<\/script>\n<!-- \/ Yoast SEO plugin. -->","yoast_head_json":{"title":"Inicios del servicio de paqueter\u00eda en AIMI - AFEAIMI Global Logistics","description":"Inicios del servicio de paqueter\u00eda en AIMI","robots":{"index":"index","follow":"follow","max-snippet":"max-snippet:-1","max-image-preview":"max-image-preview:large","max-video-preview":"max-video-preview:-1"},"canonical":"https:\/\/afeaimi.cr\/en\/inicios-del-servicio-de-paqueteria-en-aimi\/","og_locale":"en_US","og_type":"article","og_title":"Inicios del servicio de paqueter\u00eda en AIMI - AFEAIMI Global Logistics","og_description":"Inicios del servicio de paqueter\u00eda en AIMI","og_url":"https:\/\/afeaimi.cr\/en\/inicios-del-servicio-de-paqueteria-en-aimi\/","og_site_name":"AFEAIMI Global Logistics","article_published_time":"2022-01-10T20:58:00+00:00","article_modified_time":"2025-04-07T18:50:23+00:00","og_image":[{"width":2560,"height":1828,"url":"https:\/\/afeaimi.cr\/wp-content\/uploads\/2022\/01\/manos-primer-plano-obteniendo-caja-scaled.jpg","type":"image\/jpeg"}],"author":"neurobrand","twitter_card":"summary_large_image","twitter_misc":{"Written by":"neurobrand","Est. reading time":"3 minutes"},"schema":{"@context":"https:\/\/schema.org","@graph":[{"@type":"Article","@id":"https:\/\/afeaimi.cr\/inicios-del-servicio-de-paqueteria-en-aimi\/#article","isPartOf":{"@id":"https:\/\/afeaimi.cr\/inicios-del-servicio-de-paqueteria-en-aimi\/"},"author":{"name":"neurobrand","@id":"https:\/\/afeaimi.cr\/#\/schema\/person\/2a6ff9b7768b25e6cf509c045ae92f65"},"headline":"Inicios del servicio de paqueter\u00eda en AIMI","datePublished":"2022-01-10T20:58:00+00:00","dateModified":"2025-04-07T18:50:23+00:00","mainEntityOfPage":{"@id":"https:\/\/afeaimi.cr\/inicios-del-servicio-de-paqueteria-en-aimi\/"},"wordCount":632,"publisher":{"@id":"https:\/\/afeaimi.cr\/#organization"},"image":{"@id":"https:\/\/afeaimi.cr\/inicios-del-servicio-de-paqueteria-en-aimi\/#primaryimage"},"thumbnailUrl":"https:\/\/afeaimi.cr\/wp-content\/uploads\/2022\/01\/manos-primer-plano-obteniendo-caja-scaled.jpg","articleSection":["Sin categorizar"],"inLanguage":"en-US"},{"@type":"WebPage","@id":"https:\/\/afeaimi.cr\/inicios-del-servicio-de-paqueteria-en-aimi\/","url":"https:\/\/afeaimi.cr\/inicios-del-servicio-de-paqueteria-en-aimi\/","name":"Inicios del servicio de paqueter\u00eda en AIMI - AFEAIMI Global Logistics","isPartOf":{"@id":"https:\/\/afeaimi.cr\/#website"},"primaryImageOfPage":{"@id":"https:\/\/afeaimi.cr\/inicios-del-servicio-de-paqueteria-en-aimi\/#primaryimage"},"image":{"@id":"https:\/\/afeaimi.cr\/inicios-del-servicio-de-paqueteria-en-aimi\/#primaryimage"},"thumbnailUrl":"https:\/\/afeaimi.cr\/wp-content\/uploads\/2022\/01\/manos-primer-plano-obteniendo-caja-scaled.jpg","datePublished":"2022-01-10T20:58:00+00:00","dateModified":"2025-04-07T18:50:23+00:00","description":"Inicios del servicio de paqueter\u00eda en AIMI","breadcrumb":{"@id":"https:\/\/afeaimi.cr\/inicios-del-servicio-de-paqueteria-en-aimi\/#breadcrumb"},"inLanguage":"en-US","potentialAction":[{"@type":"ReadAction","target":["https:\/\/afeaimi.cr\/inicios-del-servicio-de-paqueteria-en-aimi\/"]}]},{"@type":"ImageObject","inLanguage":"en-US","@id":"https:\/\/afeaimi.cr\/inicios-del-servicio-de-paqueteria-en-aimi\/#primaryimage","url":"https:\/\/afeaimi.cr\/wp-content\/uploads\/2022\/01\/manos-primer-plano-obteniendo-caja-scaled.jpg","contentUrl":"https:\/\/afeaimi.cr\/wp-content\/uploads\/2022\/01\/manos-primer-plano-obteniendo-caja-scaled.jpg","width":2560,"height":1828},{"@type":"BreadcrumbList","@id":"https:\/\/afeaimi.cr\/inicios-del-servicio-de-paqueteria-en-aimi\/#breadcrumb","itemListElement":[{"@type":"ListItem","position":1,"name":"Home","item":"https:\/\/afeaimi.cr\/"},{"@type":"ListItem","position":2,"name":"Inicios del servicio de paqueter\u00eda en AIMI"}]},{"@type":"WebSite","@id":"https:\/\/afeaimi.cr\/#website","url":"https:\/\/afeaimi.cr\/","name":"AFEAIMI Global Logistics","description":"Importaci\u00f3n y Exportaci\u00f3n","publisher":{"@id":"https:\/\/afeaimi.cr\/#organization"},"alternateName":"AFEAIMI Log\u00edstica","potentialAction":[{"@type":"SearchAction","target":{"@type":"EntryPoint","urlTemplate":"https:\/\/afeaimi.cr\/?s={search_term_string}"},"query-input":{"@type":"PropertyValueSpecification","valueRequired":true,"valueName":"search_term_string"}}],"inLanguage":"en-US"},{"@type":"Organization","@id":"https:\/\/afeaimi.cr\/#organization","name":"AFEAIMI Global Logistics","url":"https:\/\/afeaimi.cr\/","logo":{"@type":"ImageObject","inLanguage":"en-US","@id":"https:\/\/afeaimi.cr\/#\/schema\/logo\/image\/","url":"https:\/\/afeaimi.cr\/wp-content\/uploads\/2020\/06\/AFEAIMI_Logo.png","contentUrl":"https:\/\/afeaimi.cr\/wp-content\/uploads\/2020\/06\/AFEAIMI_Logo.png","width":1201,"height":223,"caption":"AFEAIMI Global Logistics"},"image":{"@id":"https:\/\/afeaimi.cr\/#\/schema\/logo\/image\/"}},{"@type":"Person","@id":"https:\/\/afeaimi.cr\/#\/schema\/person\/2a6ff9b7768b25e6cf509c045ae92f65","name":"neurobrand","image":{"@type":"ImageObject","inLanguage":"en-US","@id":"https:\/\/secure.gravatar.com\/avatar\/dbc111da1223d5156d2dbd6072de3a99bd277b35c10fe7227a587f35998c6e43?s=96&d=mm&r=g","url":"https:\/\/secure.gravatar.com\/avatar\/dbc111da1223d5156d2dbd6072de3a99bd277b35c10fe7227a587f35998c6e43?s=96&d=mm&r=g","contentUrl":"https:\/\/secure.gravatar.com\/avatar\/dbc111da1223d5156d2dbd6072de3a99bd277b35c10fe7227a587f35998c6e43?s=96&d=mm&r=g","caption":"neurobrand"},"sameAs":["https:\/\/neurobrand.net\/aimi"],"url":"https:\/\/afeaimi.cr\/en\/author\/neurobrand\/"}]}},"_links":{"self":[{"href":"https:\/\/afeaimi.cr\/en\/wp-json\/wp\/v2\/posts\/1778","targetHints":{"allow":["GET"]}}],"collection":[{"href":"https:\/\/afeaimi.cr\/en\/wp-json\/wp\/v2\/posts"}],"about":[{"href":"https:\/\/afeaimi.cr\/en\/wp-json\/wp\/v2\/types\/post"}],"author":[{"embeddable":true,"href":"https:\/\/afeaimi.cr\/en\/wp-json\/wp\/v2\/users\/1"}],"replies":[{"embeddable":true,"href":"https:\/\/afeaimi.cr\/en\/wp-json\/wp\/v2\/comments?post=1778"}],"version-history":[{"count":1,"href":"https:\/\/afeaimi.cr\/en\/wp-json\/wp\/v2\/posts\/1778\/revisions"}],"predecessor-version":[{"id":2700,"href":"https:\/\/afeaimi.cr\/en\/wp-json\/wp\/v2\/posts\/1778\/revisions\/2700"}],"wp:featuredmedia":[{"embeddable":true,"href":"https:\/\/afeaimi.cr\/en\/wp-json\/wp\/v2\/media\/2698"}],"wp:attachment":[{"href":"https:\/\/afeaimi.cr\/en\/wp-json\/wp\/v2\/media?parent=1778"}],"wp:term":[{"taxonomy":"category","embeddable":true,"href":"https:\/\/afeaimi.cr\/en\/wp-json\/wp\/v2\/categories?post=1778"},{"taxonomy":"post_tag","embeddable":true,"href":"https:\/\/afeaimi.cr\/en\/wp-json\/wp\/v2\/tags?post=1778"}],"curies":[{"name":"wp","href":"https:\/\/api.w.org\/{rel}","templated":true}]}}