{"id":744,"date":"2021-10-28T06:10:00","date_gmt":"2021-10-28T06:10:00","guid":{"rendered":"https:\/\/neurobrand.net\/aimi\/?p=744"},"modified":"2025-04-07T12:38:53","modified_gmt":"2025-04-07T18:38:53","slug":"crisis-de-los-contenedores","status":"publish","type":"post","link":"https:\/\/afeaimi.cr\/en\/crisis-de-los-contenedores\/","title":{"rendered":"CRISIS DE LOS CONTENEDORES"},"content":{"rendered":"<p>La \u201cCrisis de los contenedores\u201d es un fen\u00f3meno log\u00edstico de oferta y demanda, que ocurre a nivel global, y est\u00e1 relacionado con el comercio asi\u00e1tico. Esta crisis se ha posicionado \u00faltimamente en los titulares, ya que es una consecuencia directa de la pandemia del COVID-19 que ha tenido un gran impacto en muchas cadenas de suministro.<\/p>\n\n\n\n<p>En este blog le explicaremos de forma resumida, algunas de sus causas y pr\u00e1cticas que puede implementar en su empresa para amortiguar el impacto en los pr\u00f3ximos meses.<\/p>\n\n\n\n<p>La \u201cCrisis de los contenedores\u201d tiene antecedentes importantes, comenzando en diciembre del 2019 cuando llega la pandemia de COVID-19 a China. Esto ocasiona una serie de restricciones sanitarias en Asia como el cierre de f\u00e1bricas, reducci\u00f3n de personal y cuarentenas. Sin embargo, durante este lapso de tiempo, en Occidente los consumidores continuaron comprando y los fabricantes produciendo con las materias primas que ten\u00edan en inventario.&nbsp;<\/p>\n\n\n\n<p>Conforme avanzan las medidas y protocolos sanitarios, algunos de los puertos m\u00e1s importantes del mundo cierran y trabajan con una menor capacidad. Por ende toda la operaci\u00f3n log\u00edstica se ve ralentizada, impactando negativamente en los lead time de muchos pedidos y generando un cuello de botella en el proceso de la cadena de suministro.<\/p>\n\n\n\n<p>Luego, con la expansi\u00f3n de Covid al resto del mundo, las demandas de consumo comienzan a bajar, por ende, las navieras sacan de circulaci\u00f3n algunos buques para nivelarse al bajo volumen en el trasiego de la mercanc\u00eda.<\/p>\n\n\n\n<p>Al reducirse las medidas sanitarias impuestas en un inicio, el consumo comienza a aumentar considerablemente y las f\u00e1bricas reanudan sus operaciones. Sin embargo, dado que la pandemia no ha acabado, los puertos apenas operan al 60-70% de su capacidad, lo cual ocasiona que no se puedan cargar y descargar las mercanc\u00edas al ritmo necesario.&nbsp;<\/p>\n\n\n\n<p>Como consecuencia de lo anterior, se generan muchos atrasos tanto para salir de China con contenedores cargados, como en Am\u00e9rica por falta de capacidad para descargar y mover los contenedores que vienen llegando. Asimismo, se da una retenci\u00f3n de contenedores por falta de carga para enviar de regreso a Asia.<\/p>\n\n\n\n<p>Adem\u00e1s, la mano de obra de transportistas en Estados Unidos se ve mermada debido a las condiciones laborales y los subsidios que se dieron por parte del gobierno durante la pandemia. Esto ha ocasionado que cuando los buques llegan a los puertos (especialmente en California y M\u00e9xico), no hay suficientes transportistas que retiren las mercanc\u00edas, propiciando el estancamiento de los contenedores y retrasando a\u00fan m\u00e1s el flujo de la operaci\u00f3n. Por ejemplo, en el puerto de Los \u00c1ngeles se lleg\u00f3 a tener 70 buques haciendo fila para ser descargados.&nbsp;<\/p>\n\n\n\n<p>En resumen, los importadores en todas partes del mundo necesitan reponer el inventario y necesitan comprar materias primas para suplir el consumo del mercado, lo que aumenta la demanda de transporte. Por otra parte, la falta de buques y contenedores en circulaci\u00f3n reduce su oferta lo que ha elevado el precio del transporte de mercanc\u00edas hasta m\u00e1s del doble de su precio pre-pandemia.&nbsp;<\/p>\n\n\n\n<p>Por \u00faltimo, cabe recalcar que a futuro las proyecciones no son positivas y se estima que la situaci\u00f3n de poca oferta de contenedores y los incrementos en los precios se mantengan durante todo el 2022, por lo que hay que tomar algunas medidas para tratar de mitigar la situaci\u00f3n tanto como sea posible.<\/p>\n\n\n\n<p>Es importante destacar las siguientes buenas pr\u00e1cticas que proponemos para amortiguar el impacto en la operaci\u00f3n:<\/p>\n\n\n\n<ol class=\"wp-block-list\"><li>Contar con un forecast actualizado de material de empaque, materias primas, y dem\u00e1s productos a importar.<\/li><li>Buscar diferentes proveedores en Europa o Am\u00e9rica, para as\u00ed tener otros mercados m\u00e1s cercanos donde comprar materias primas con menos tiempos de tr\u00e1nsito y con un menor costo de transporte.<\/li><li>Ajustar los inventarios de seguridad, as\u00ed como sus ROP y los lead time de cada proveedor, ya que en este momento es favorable ser precavidos y tomar decisiones estrat\u00e9gicas en cuanto al manejo de inventarios.<\/li><li>Tener una buena comunicaci\u00f3n con su socio log\u00edstico, buscar otras opciones de transporte, rutas alternativas y soluciones multimodales no tradicionales.<\/li><\/ol>","protected":false},"excerpt":{"rendered":"<p>La \u201cCrisis de los contenedores\u201d es un fen\u00f3meno log\u00edstico de oferta y demanda, que ocurre a nivel global, y est\u00e1 relacionado con el comercio asi\u00e1tico. Esta crisis se ha posicionado \u00faltimamente en los titulares, ya que es una consecuencia directa de la pandemia del COVID-19 que ha tenido un gran impacto en muchas cadenas de suministro. En este blog le explicaremos de forma resumida, algunas de sus causas y pr\u00e1cticas que puede implementar en su empresa para amortiguar el impacto en los pr\u00f3ximos meses. La \u201cCrisis de los contenedores\u201d tiene antecedentes importantes, comenzando en diciembre del 2019 cuando llega la pandemia de COVID-19 a China. Esto ocasiona una serie de restricciones sanitarias en Asia como el cierre de f\u00e1bricas, reducci\u00f3n de personal y cuarentenas. Sin embargo, durante este lapso de tiempo, en Occidente los consumidores continuaron comprando y los fabricantes produciendo con las materias primas que ten\u00edan en inventario.&nbsp; Conforme avanzan las medidas y protocolos sanitarios, algunos de los puertos m\u00e1s importantes del mundo cierran y trabajan con una menor capacidad. Por ende toda la operaci\u00f3n log\u00edstica se ve ralentizada, impactando negativamente en los lead time de muchos pedidos y generando un cuello de botella en el proceso de la cadena de suministro. Luego, con la expansi\u00f3n de Covid al resto del mundo, las demandas de consumo comienzan a bajar, por ende, las navieras sacan de circulaci\u00f3n algunos buques para nivelarse al bajo volumen en el trasiego de la mercanc\u00eda. Al reducirse las medidas sanitarias impuestas en un inicio, el consumo comienza a aumentar considerablemente y las f\u00e1bricas reanudan sus operaciones. Sin embargo, dado que la pandemia no ha acabado, los puertos apenas operan al 60-70% de su capacidad, lo cual ocasiona que no se puedan cargar y descargar las mercanc\u00edas al ritmo necesario.&nbsp; Como consecuencia de lo anterior, se generan muchos atrasos tanto para salir de China con contenedores cargados, como en Am\u00e9rica por falta de capacidad para descargar y mover los contenedores que vienen llegando. Asimismo, se da una retenci\u00f3n de contenedores por falta de carga para enviar de regreso a Asia. Adem\u00e1s, la mano de obra de transportistas en Estados Unidos se ve mermada debido a las condiciones laborales y los subsidios que se dieron por parte del gobierno durante la pandemia. Esto ha ocasionado que cuando los buques llegan a los puertos (especialmente en California y M\u00e9xico), no hay suficientes transportistas que retiren las mercanc\u00edas, propiciando el estancamiento de los contenedores y retrasando a\u00fan m\u00e1s el flujo de la operaci\u00f3n. Por ejemplo, en el puerto de Los \u00c1ngeles se lleg\u00f3 a tener 70 buques haciendo fila para ser descargados.&nbsp; En resumen, los importadores en todas partes del mundo necesitan reponer el inventario y necesitan comprar materias primas para suplir el consumo del mercado, lo que aumenta la demanda de transporte. Por otra parte, la falta de buques y contenedores en circulaci\u00f3n reduce su oferta lo que ha elevado el precio del transporte de mercanc\u00edas hasta m\u00e1s del doble de su precio pre-pandemia.&nbsp; Por \u00faltimo, cabe recalcar que a futuro las proyecciones no son positivas y se estima que la situaci\u00f3n de poca oferta de contenedores y los incrementos en los precios se mantengan durante todo el 2022, por lo que hay que tomar algunas medidas para tratar de mitigar la situaci\u00f3n tanto como sea posible. Es importante destacar las siguientes buenas pr\u00e1cticas que proponemos para amortiguar el impacto en la operaci\u00f3n: Contar con un forecast actualizado de material de empaque, materias primas, y dem\u00e1s productos a importar. Buscar diferentes proveedores en Europa o Am\u00e9rica, para as\u00ed tener otros mercados m\u00e1s cercanos donde comprar materias primas con menos tiempos de tr\u00e1nsito y con un menor costo de transporte. Ajustar los inventarios de seguridad, as\u00ed como sus ROP y los lead time de cada proveedor, ya que en este momento es favorable ser precavidos y tomar decisiones estrat\u00e9gicas en cuanto al manejo de inventarios. Tener una buena comunicaci\u00f3n con su socio log\u00edstico, buscar otras opciones de transporte, rutas alternativas y soluciones multimodales no tradicionales.<\/p>","protected":false},"author":1,"featured_media":1190,"comment_status":"closed","ping_status":"closed","sticky":false,"template":"","format":"standard","meta":{"footnotes":""},"categories":[4,1],"tags":[5],"class_list":["post-744","post","type-post","status-publish","format-standard","has-post-thumbnail","hentry","category-news","category-sin-categorizar","tag-blog"],"yoast_head":"<!-- This site is optimized with the Yoast SEO plugin v27.4 - https:\/\/yoast.com\/product\/yoast-seo-wordpress\/ -->\n<title>CRISIS DE LOS CONTENEDORES - AFEAIMI Global Logistics<\/title>\n<meta name=\"description\" content=\"CRISIS DE LOS CONTENEDORES\" \/>\n<meta name=\"robots\" content=\"index, follow, max-snippet:-1, max-image-preview:large, max-video-preview:-1\" \/>\n<link rel=\"canonical\" href=\"https:\/\/afeaimi.cr\/en\/crisis-de-los-contenedores\/\" \/>\n<meta property=\"og:locale\" content=\"en_US\" \/>\n<meta property=\"og:type\" content=\"article\" \/>\n<meta property=\"og:title\" content=\"CRISIS DE LOS CONTENEDORES - AFEAIMI Global Logistics\" \/>\n<meta property=\"og:description\" content=\"CRISIS DE LOS CONTENEDORES\" \/>\n<meta property=\"og:url\" content=\"https:\/\/afeaimi.cr\/en\/crisis-de-los-contenedores\/\" \/>\n<meta property=\"og:site_name\" content=\"AFEAIMI Global Logistics\" \/>\n<meta property=\"article:published_time\" content=\"2021-10-28T06:10:00+00:00\" \/>\n<meta property=\"article:modified_time\" content=\"2025-04-07T18:38:53+00:00\" \/>\n<meta property=\"og:image\" content=\"https:\/\/afeaimi.cr\/wp-content\/uploads\/2021\/10\/industrial-port-and-container-yard-copia-scaled.jpg\" \/>\n\t<meta property=\"og:image:width\" content=\"2560\" \/>\n\t<meta property=\"og:image:height\" content=\"853\" \/>\n\t<meta property=\"og:image:type\" content=\"image\/jpeg\" \/>\n<meta name=\"author\" content=\"neurobrand\" \/>\n<meta name=\"twitter:card\" content=\"summary_large_image\" \/>\n<meta name=\"twitter:label1\" content=\"Written by\" \/>\n\t<meta name=\"twitter:data1\" content=\"neurobrand\" \/>\n\t<meta name=\"twitter:label2\" content=\"Est. reading time\" \/>\n\t<meta name=\"twitter:data2\" content=\"4 minutes\" \/>\n<script type=\"application\/ld+json\" class=\"yoast-schema-graph\">{\"@context\":\"https:\\\/\\\/schema.org\",\"@graph\":[{\"@type\":\"Article\",\"@id\":\"https:\\\/\\\/afeaimi.cr\\\/crisis-de-los-contenedores\\\/#article\",\"isPartOf\":{\"@id\":\"https:\\\/\\\/afeaimi.cr\\\/crisis-de-los-contenedores\\\/\"},\"author\":{\"name\":\"neurobrand\",\"@id\":\"https:\\\/\\\/afeaimi.cr\\\/#\\\/schema\\\/person\\\/2a6ff9b7768b25e6cf509c045ae92f65\"},\"headline\":\"CRISIS DE LOS CONTENEDORES\",\"datePublished\":\"2021-10-28T06:10:00+00:00\",\"dateModified\":\"2025-04-07T18:38:53+00:00\",\"mainEntityOfPage\":{\"@id\":\"https:\\\/\\\/afeaimi.cr\\\/crisis-de-los-contenedores\\\/\"},\"wordCount\":709,\"publisher\":{\"@id\":\"https:\\\/\\\/afeaimi.cr\\\/#organization\"},\"image\":{\"@id\":\"https:\\\/\\\/afeaimi.cr\\\/crisis-de-los-contenedores\\\/#primaryimage\"},\"thumbnailUrl\":\"https:\\\/\\\/afeaimi.cr\\\/wp-content\\\/uploads\\\/2021\\\/10\\\/industrial-port-and-container-yard-copia-scaled.jpg\",\"keywords\":[\"Blog\"],\"articleSection\":[\"News\",\"Sin categorizar\"],\"inLanguage\":\"en-US\"},{\"@type\":\"WebPage\",\"@id\":\"https:\\\/\\\/afeaimi.cr\\\/crisis-de-los-contenedores\\\/\",\"url\":\"https:\\\/\\\/afeaimi.cr\\\/crisis-de-los-contenedores\\\/\",\"name\":\"CRISIS DE LOS CONTENEDORES - AFEAIMI Global Logistics\",\"isPartOf\":{\"@id\":\"https:\\\/\\\/afeaimi.cr\\\/#website\"},\"primaryImageOfPage\":{\"@id\":\"https:\\\/\\\/afeaimi.cr\\\/crisis-de-los-contenedores\\\/#primaryimage\"},\"image\":{\"@id\":\"https:\\\/\\\/afeaimi.cr\\\/crisis-de-los-contenedores\\\/#primaryimage\"},\"thumbnailUrl\":\"https:\\\/\\\/afeaimi.cr\\\/wp-content\\\/uploads\\\/2021\\\/10\\\/industrial-port-and-container-yard-copia-scaled.jpg\",\"datePublished\":\"2021-10-28T06:10:00+00:00\",\"dateModified\":\"2025-04-07T18:38:53+00:00\",\"description\":\"CRISIS DE LOS CONTENEDORES\",\"breadcrumb\":{\"@id\":\"https:\\\/\\\/afeaimi.cr\\\/crisis-de-los-contenedores\\\/#breadcrumb\"},\"inLanguage\":\"en-US\",\"potentialAction\":[{\"@type\":\"ReadAction\",\"target\":[\"https:\\\/\\\/afeaimi.cr\\\/crisis-de-los-contenedores\\\/\"]}]},{\"@type\":\"ImageObject\",\"inLanguage\":\"en-US\",\"@id\":\"https:\\\/\\\/afeaimi.cr\\\/crisis-de-los-contenedores\\\/#primaryimage\",\"url\":\"https:\\\/\\\/afeaimi.cr\\\/wp-content\\\/uploads\\\/2021\\\/10\\\/industrial-port-and-container-yard-copia-scaled.jpg\",\"contentUrl\":\"https:\\\/\\\/afeaimi.cr\\\/wp-content\\\/uploads\\\/2021\\\/10\\\/industrial-port-and-container-yard-copia-scaled.jpg\",\"width\":2560,\"height\":853,\"caption\":\"Industrial port and container yard\"},{\"@type\":\"BreadcrumbList\",\"@id\":\"https:\\\/\\\/afeaimi.cr\\\/crisis-de-los-contenedores\\\/#breadcrumb\",\"itemListElement\":[{\"@type\":\"ListItem\",\"position\":1,\"name\":\"Home\",\"item\":\"https:\\\/\\\/afeaimi.cr\\\/\"},{\"@type\":\"ListItem\",\"position\":2,\"name\":\"CRISIS DE LOS CONTENEDORES\"}]},{\"@type\":\"WebSite\",\"@id\":\"https:\\\/\\\/afeaimi.cr\\\/#website\",\"url\":\"https:\\\/\\\/afeaimi.cr\\\/\",\"name\":\"AFEAIMI Global Logistics\",\"description\":\"Importaci\u00f3n y Exportaci\u00f3n\",\"publisher\":{\"@id\":\"https:\\\/\\\/afeaimi.cr\\\/#organization\"},\"alternateName\":\"AFEAIMI Log\u00edstica\",\"potentialAction\":[{\"@type\":\"SearchAction\",\"target\":{\"@type\":\"EntryPoint\",\"urlTemplate\":\"https:\\\/\\\/afeaimi.cr\\\/?s={search_term_string}\"},\"query-input\":{\"@type\":\"PropertyValueSpecification\",\"valueRequired\":true,\"valueName\":\"search_term_string\"}}],\"inLanguage\":\"en-US\"},{\"@type\":\"Organization\",\"@id\":\"https:\\\/\\\/afeaimi.cr\\\/#organization\",\"name\":\"AFEAIMI Global Logistics\",\"url\":\"https:\\\/\\\/afeaimi.cr\\\/\",\"logo\":{\"@type\":\"ImageObject\",\"inLanguage\":\"en-US\",\"@id\":\"https:\\\/\\\/afeaimi.cr\\\/#\\\/schema\\\/logo\\\/image\\\/\",\"url\":\"https:\\\/\\\/afeaimi.cr\\\/wp-content\\\/uploads\\\/2020\\\/06\\\/AFEAIMI_Logo.png\",\"contentUrl\":\"https:\\\/\\\/afeaimi.cr\\\/wp-content\\\/uploads\\\/2020\\\/06\\\/AFEAIMI_Logo.png\",\"width\":1201,\"height\":223,\"caption\":\"AFEAIMI Global Logistics\"},\"image\":{\"@id\":\"https:\\\/\\\/afeaimi.cr\\\/#\\\/schema\\\/logo\\\/image\\\/\"}},{\"@type\":\"Person\",\"@id\":\"https:\\\/\\\/afeaimi.cr\\\/#\\\/schema\\\/person\\\/2a6ff9b7768b25e6cf509c045ae92f65\",\"name\":\"neurobrand\",\"image\":{\"@type\":\"ImageObject\",\"inLanguage\":\"en-US\",\"@id\":\"https:\\\/\\\/secure.gravatar.com\\\/avatar\\\/dbc111da1223d5156d2dbd6072de3a99bd277b35c10fe7227a587f35998c6e43?s=96&d=mm&r=g\",\"url\":\"https:\\\/\\\/secure.gravatar.com\\\/avatar\\\/dbc111da1223d5156d2dbd6072de3a99bd277b35c10fe7227a587f35998c6e43?s=96&d=mm&r=g\",\"contentUrl\":\"https:\\\/\\\/secure.gravatar.com\\\/avatar\\\/dbc111da1223d5156d2dbd6072de3a99bd277b35c10fe7227a587f35998c6e43?s=96&d=mm&r=g\",\"caption\":\"neurobrand\"},\"sameAs\":[\"https:\\\/\\\/neurobrand.net\\\/aimi\"],\"url\":\"https:\\\/\\\/afeaimi.cr\\\/en\\\/author\\\/neurobrand\\\/\"}]}<\/script>\n<!-- \/ Yoast SEO plugin. -->","yoast_head_json":{"title":"CRISIS DE LOS CONTENEDORES - AFEAIMI Global Logistics","description":"CRISIS DE LOS CONTENEDORES","robots":{"index":"index","follow":"follow","max-snippet":"max-snippet:-1","max-image-preview":"max-image-preview:large","max-video-preview":"max-video-preview:-1"},"canonical":"https:\/\/afeaimi.cr\/en\/crisis-de-los-contenedores\/","og_locale":"en_US","og_type":"article","og_title":"CRISIS DE LOS CONTENEDORES - AFEAIMI Global Logistics","og_description":"CRISIS DE LOS CONTENEDORES","og_url":"https:\/\/afeaimi.cr\/en\/crisis-de-los-contenedores\/","og_site_name":"AFEAIMI Global Logistics","article_published_time":"2021-10-28T06:10:00+00:00","article_modified_time":"2025-04-07T18:38:53+00:00","og_image":[{"width":2560,"height":853,"url":"https:\/\/afeaimi.cr\/wp-content\/uploads\/2021\/10\/industrial-port-and-container-yard-copia-scaled.jpg","type":"image\/jpeg"}],"author":"neurobrand","twitter_card":"summary_large_image","twitter_misc":{"Written by":"neurobrand","Est. reading time":"4 minutes"},"schema":{"@context":"https:\/\/schema.org","@graph":[{"@type":"Article","@id":"https:\/\/afeaimi.cr\/crisis-de-los-contenedores\/#article","isPartOf":{"@id":"https:\/\/afeaimi.cr\/crisis-de-los-contenedores\/"},"author":{"name":"neurobrand","@id":"https:\/\/afeaimi.cr\/#\/schema\/person\/2a6ff9b7768b25e6cf509c045ae92f65"},"headline":"CRISIS DE LOS CONTENEDORES","datePublished":"2021-10-28T06:10:00+00:00","dateModified":"2025-04-07T18:38:53+00:00","mainEntityOfPage":{"@id":"https:\/\/afeaimi.cr\/crisis-de-los-contenedores\/"},"wordCount":709,"publisher":{"@id":"https:\/\/afeaimi.cr\/#organization"},"image":{"@id":"https:\/\/afeaimi.cr\/crisis-de-los-contenedores\/#primaryimage"},"thumbnailUrl":"https:\/\/afeaimi.cr\/wp-content\/uploads\/2021\/10\/industrial-port-and-container-yard-copia-scaled.jpg","keywords":["Blog"],"articleSection":["News","Sin categorizar"],"inLanguage":"en-US"},{"@type":"WebPage","@id":"https:\/\/afeaimi.cr\/crisis-de-los-contenedores\/","url":"https:\/\/afeaimi.cr\/crisis-de-los-contenedores\/","name":"CRISIS DE LOS CONTENEDORES - AFEAIMI Global Logistics","isPartOf":{"@id":"https:\/\/afeaimi.cr\/#website"},"primaryImageOfPage":{"@id":"https:\/\/afeaimi.cr\/crisis-de-los-contenedores\/#primaryimage"},"image":{"@id":"https:\/\/afeaimi.cr\/crisis-de-los-contenedores\/#primaryimage"},"thumbnailUrl":"https:\/\/afeaimi.cr\/wp-content\/uploads\/2021\/10\/industrial-port-and-container-yard-copia-scaled.jpg","datePublished":"2021-10-28T06:10:00+00:00","dateModified":"2025-04-07T18:38:53+00:00","description":"CRISIS DE LOS CONTENEDORES","breadcrumb":{"@id":"https:\/\/afeaimi.cr\/crisis-de-los-contenedores\/#breadcrumb"},"inLanguage":"en-US","potentialAction":[{"@type":"ReadAction","target":["https:\/\/afeaimi.cr\/crisis-de-los-contenedores\/"]}]},{"@type":"ImageObject","inLanguage":"en-US","@id":"https:\/\/afeaimi.cr\/crisis-de-los-contenedores\/#primaryimage","url":"https:\/\/afeaimi.cr\/wp-content\/uploads\/2021\/10\/industrial-port-and-container-yard-copia-scaled.jpg","contentUrl":"https:\/\/afeaimi.cr\/wp-content\/uploads\/2021\/10\/industrial-port-and-container-yard-copia-scaled.jpg","width":2560,"height":853,"caption":"Industrial port and container yard"},{"@type":"BreadcrumbList","@id":"https:\/\/afeaimi.cr\/crisis-de-los-contenedores\/#breadcrumb","itemListElement":[{"@type":"ListItem","position":1,"name":"Home","item":"https:\/\/afeaimi.cr\/"},{"@type":"ListItem","position":2,"name":"CRISIS DE LOS CONTENEDORES"}]},{"@type":"WebSite","@id":"https:\/\/afeaimi.cr\/#website","url":"https:\/\/afeaimi.cr\/","name":"AFEAIMI Global Logistics","description":"Importaci\u00f3n y Exportaci\u00f3n","publisher":{"@id":"https:\/\/afeaimi.cr\/#organization"},"alternateName":"AFEAIMI Log\u00edstica","potentialAction":[{"@type":"SearchAction","target":{"@type":"EntryPoint","urlTemplate":"https:\/\/afeaimi.cr\/?s={search_term_string}"},"query-input":{"@type":"PropertyValueSpecification","valueRequired":true,"valueName":"search_term_string"}}],"inLanguage":"en-US"},{"@type":"Organization","@id":"https:\/\/afeaimi.cr\/#organization","name":"AFEAIMI Global Logistics","url":"https:\/\/afeaimi.cr\/","logo":{"@type":"ImageObject","inLanguage":"en-US","@id":"https:\/\/afeaimi.cr\/#\/schema\/logo\/image\/","url":"https:\/\/afeaimi.cr\/wp-content\/uploads\/2020\/06\/AFEAIMI_Logo.png","contentUrl":"https:\/\/afeaimi.cr\/wp-content\/uploads\/2020\/06\/AFEAIMI_Logo.png","width":1201,"height":223,"caption":"AFEAIMI Global Logistics"},"image":{"@id":"https:\/\/afeaimi.cr\/#\/schema\/logo\/image\/"}},{"@type":"Person","@id":"https:\/\/afeaimi.cr\/#\/schema\/person\/2a6ff9b7768b25e6cf509c045ae92f65","name":"neurobrand","image":{"@type":"ImageObject","inLanguage":"en-US","@id":"https:\/\/secure.gravatar.com\/avatar\/dbc111da1223d5156d2dbd6072de3a99bd277b35c10fe7227a587f35998c6e43?s=96&d=mm&r=g","url":"https:\/\/secure.gravatar.com\/avatar\/dbc111da1223d5156d2dbd6072de3a99bd277b35c10fe7227a587f35998c6e43?s=96&d=mm&r=g","contentUrl":"https:\/\/secure.gravatar.com\/avatar\/dbc111da1223d5156d2dbd6072de3a99bd277b35c10fe7227a587f35998c6e43?s=96&d=mm&r=g","caption":"neurobrand"},"sameAs":["https:\/\/neurobrand.net\/aimi"],"url":"https:\/\/afeaimi.cr\/en\/author\/neurobrand\/"}]}},"_links":{"self":[{"href":"https:\/\/afeaimi.cr\/en\/wp-json\/wp\/v2\/posts\/744","targetHints":{"allow":["GET"]}}],"collection":[{"href":"https:\/\/afeaimi.cr\/en\/wp-json\/wp\/v2\/posts"}],"about":[{"href":"https:\/\/afeaimi.cr\/en\/wp-json\/wp\/v2\/types\/post"}],"author":[{"embeddable":true,"href":"https:\/\/afeaimi.cr\/en\/wp-json\/wp\/v2\/users\/1"}],"replies":[{"embeddable":true,"href":"https:\/\/afeaimi.cr\/en\/wp-json\/wp\/v2\/comments?post=744"}],"version-history":[{"count":1,"href":"https:\/\/afeaimi.cr\/en\/wp-json\/wp\/v2\/posts\/744\/revisions"}],"predecessor-version":[{"id":8036,"href":"https:\/\/afeaimi.cr\/en\/wp-json\/wp\/v2\/posts\/744\/revisions\/8036"}],"wp:featuredmedia":[{"embeddable":true,"href":"https:\/\/afeaimi.cr\/en\/wp-json\/wp\/v2\/media\/1190"}],"wp:attachment":[{"href":"https:\/\/afeaimi.cr\/en\/wp-json\/wp\/v2\/media?parent=744"}],"wp:term":[{"taxonomy":"category","embeddable":true,"href":"https:\/\/afeaimi.cr\/en\/wp-json\/wp\/v2\/categories?post=744"},{"taxonomy":"post_tag","embeddable":true,"href":"https:\/\/afeaimi.cr\/en\/wp-json\/wp\/v2\/tags?post=744"}],"curies":[{"name":"wp","href":"https:\/\/api.w.org\/{rel}","templated":true}]}}